{"id":40654,"date":"2026-03-17T09:35:42","date_gmt":"2026-03-17T08:35:42","guid":{"rendered":"https:\/\/irmine.lu\/?p=40654"},"modified":"2026-03-17T09:42:50","modified_gmt":"2026-03-17T08:42:50","slug":"25-000-euro-fir-drai-projeten","status":"publish","type":"post","link":"https:\/\/irmine.lu\/lu\/25-000-euro-fir-drai-projeten\/","title":{"rendered":"25.000 Euro fir dr\u00e4i Projeten"},"content":{"rendered":"<p><strong><a href=\"https:\/\/irmine.lu\/wp-content\/uploads\/2023\/11\/Sainte-Irmine-logo-drapeau.jpg\"><img decoding=\"async\" class=\"wp-image-38159 alignright\" src=\"https:\/\/irmine.lu\/wp-content\/uploads\/2023\/11\/Sainte-Irmine-logo-drapeau-1024x530.jpg\" alt=\"\" width=\"308\" height=\"159\" srcset=\"https:\/\/irmine.lu\/wp-content\/uploads\/2023\/11\/Sainte-Irmine-logo-drapeau-1024x530.jpg 1024w, https:\/\/irmine.lu\/wp-content\/uploads\/2023\/11\/Sainte-Irmine-logo-drapeau-300x155.jpg 300w, https:\/\/irmine.lu\/wp-content\/uploads\/2023\/11\/Sainte-Irmine-logo-drapeau-768x398.jpg 768w, https:\/\/irmine.lu\/wp-content\/uploads\/2023\/11\/Sainte-Irmine-logo-drapeau-958x496.jpg 958w, https:\/\/irmine.lu\/wp-content\/uploads\/2023\/11\/Sainte-Irmine-logo-drapeau-400x207.jpg 400w, https:\/\/irmine.lu\/wp-content\/uploads\/2023\/11\/Sainte-Irmine-logo-drapeau.jpg 1269w\" sizes=\"(max-width: 308px) 100vw, 308px\" \/><\/a>De Verwaltungsrot huet en Deel vun de fr\u00e4ien Donen aus dem Joer 2025 u verschidde Projete verdeelt<\/strong><\/p>\n<p>A senger S\u00ebtzung vum 13. M\u00e4erz 2026 huet de Verwaltungsrot vun der Fondatioun Sainte-Irmine decid\u00e9iert, e Gesamtmontant vu 25.000 Euro, deen aus Donen ouni spezifesch Mentioun besteet, d\u00e9i w\u00e4rend dem Joer 2025 gemaach goufen, un d\u00ebs Projeten ze verdeelen:<\/p>\n<p>&#8211; Projet <a href=\"https:\/\/irmine.lu\/st-irmine-project\/cambodge-vietnam-2026\/\">\u201c<\/a><a href=\"https:\/\/irmine.lu\/st-irmine-project\/fonds-davenir\/\">Kambodscha\/Vietnam 2026<\/a>\u201d (Pilgerrees vun der Jugendpastoral): 10.000.- Euro;<\/p>\n<p>&#8211; <a href=\"https:\/\/irmine.lu\/st-irmine-project\/fonds-davenir\/\">Fonds d\u2019avenir<\/a> vun der \u00c4erzdi\u00f6zees: 7.500.- Euro;<\/p>\n<p>&#8211; Projet \u201c<a href=\"https:\/\/irmine.lu\/st-irmine-project\/soutien-a-la-formation-des-futurs-pretres-au-luxembourg\/\">Formatioun vun den zuk\u00fcnftege Priister<\/a>\u201d: 7.500.- Euro.<\/p>\n<p>Ufank Dezember 2025 hat de Verwaltungsrot schonn decid\u00e9iert, d\u00e9i nei Gemeinschaft Obra de Maria mat 40.000.- Euro un Dons libres vum Exercice 2025 ze \u00ebnnerst\u00ebtzen.<\/p>\n<p><em>D\u2019Fondatioun seet allen Donatricen an Donateure villmools Merci fir hir w\u00e4ertvoll \u00cbnnerst\u00ebtzung!<\/em><\/p>\n","protected":false},"excerpt":{"rendered":"<p>De Verwaltungsrot huet en Deel vun de fr\u00e4ien Donen aus dem Joer 2025 u verschidde Projete verdeelt<\/p>\n","protected":false},"author":8,"featured_media":34476,"comment_status":"closed","ping_status":"open","sticky":false,"template":"","format":"standard","meta":{"footnotes":""},"categories":[103],"tags":[],"jetpack_featured_media_url":"https:\/\/irmine.lu\/wp-content\/uploads\/2021\/12\/Sainte-Irmine-logo-drapeau-RVB2-largeur2500px.jpg","_links":{"self":[{"href":"https:\/\/irmine.lu\/lu\/wp-json\/wp\/v2\/posts\/40654"}],"collection":[{"href":"https:\/\/irmine.lu\/lu\/wp-json\/wp\/v2\/posts"}],"about":[{"href":"https:\/\/irmine.lu\/lu\/wp-json\/wp\/v2\/types\/post"}],"author":[{"embeddable":true,"href":"https:\/\/irmine.lu\/lu\/wp-json\/wp\/v2\/users\/8"}],"replies":[{"embeddable":true,"href":"https:\/\/irmine.lu\/lu\/wp-json\/wp\/v2\/comments?post=40654"}],"version-history":[{"count":3,"href":"https:\/\/irmine.lu\/lu\/wp-json\/wp\/v2\/posts\/40654\/revisions"}],"predecessor-version":[{"id":40657,"href":"https:\/\/irmine.lu\/lu\/wp-json\/wp\/v2\/posts\/40654\/revisions\/40657"}],"wp:featuredmedia":[{"embeddable":true,"href":"https:\/\/irmine.lu\/lu\/wp-json\/wp\/v2\/media\/34476"}],"wp:attachment":[{"href":"https:\/\/irmine.lu\/lu\/wp-json\/wp\/v2\/media?parent=40654"}],"wp:term":[{"taxonomy":"category","embeddable":true,"href":"https:\/\/irmine.lu\/lu\/wp-json\/wp\/v2\/categories?post=40654"},{"taxonomy":"post_tag","embeddable":true,"href":"https:\/\/irmine.lu\/lu\/wp-json\/wp\/v2\/tags?post=40654"}],"curies":[{"name":"wp","href":"https:\/\/api.w.org\/{rel}","templated":true}]}}