{"id":40648,"date":"2026-03-16T14:59:28","date_gmt":"2026-03-16T13:59:28","guid":{"rendered":"https:\/\/irmine.lu\/?p=40648"},"modified":"2026-03-16T14:59:28","modified_gmt":"2026-03-16T13:59:28","slug":"e-wandteppech-gett-restaureiert","status":"publish","type":"post","link":"https:\/\/irmine.lu\/lu\/e-wandteppech-gett-restaureiert\/","title":{"rendered":"E Wandteppech g\u00ebtt restaur\u00e9iert"},"content":{"rendered":"<p><a href=\"https:\/\/irmine.lu\/wp-content\/uploads\/2026\/03\/2026-FSI-La-revelation-de-Dieu-a-Gedeon-scaled.jpg\"><img decoding=\"async\" class=\"wp-image-40645 alignright\" src=\"https:\/\/irmine.lu\/wp-content\/uploads\/2026\/03\/2026-FSI-La-revelation-de-Dieu-a-Gedeon-778x1024.jpg\" alt=\"\" width=\"377\" height=\"496\" srcset=\"https:\/\/irmine.lu\/wp-content\/uploads\/2026\/03\/2026-FSI-La-revelation-de-Dieu-a-Gedeon-778x1024.jpg 778w, https:\/\/irmine.lu\/wp-content\/uploads\/2026\/03\/2026-FSI-La-revelation-de-Dieu-a-Gedeon-228x300.jpg 228w, https:\/\/irmine.lu\/wp-content\/uploads\/2026\/03\/2026-FSI-La-revelation-de-Dieu-a-Gedeon-768x1011.jpg 768w, https:\/\/irmine.lu\/wp-content\/uploads\/2026\/03\/2026-FSI-La-revelation-de-Dieu-a-Gedeon-1167x1536.jpg 1167w, https:\/\/irmine.lu\/wp-content\/uploads\/2026\/03\/2026-FSI-La-revelation-de-Dieu-a-Gedeon-1556x2048.jpg 1556w, https:\/\/irmine.lu\/wp-content\/uploads\/2026\/03\/2026-FSI-La-revelation-de-Dieu-a-Gedeon-958x1261.jpg 958w, https:\/\/irmine.lu\/wp-content\/uploads\/2026\/03\/2026-FSI-La-revelation-de-Dieu-a-Gedeon-400x526.jpg 400w, https:\/\/irmine.lu\/wp-content\/uploads\/2026\/03\/2026-FSI-La-revelation-de-Dieu-a-Gedeon-scaled.jpg 1945w\" sizes=\"(max-width: 377px) 100vw, 377px\" \/><\/a>Am Kader vum Projet \u201cValorisatioun vun der Kathedral\u201d huet d\u2019Kierchefabrick vun Notre-Dame decid\u00e9iert, eng weider Tapisserie ze restaur\u00e9ieren. De Wandteppech mam Titel \u201cLa r\u00e9v\u00e9lation de Dieu \u00e0 G\u00e9d\u00e9on\u201d, deen op der l\u00e9nker S\u00e4it am ale Chouer h\u00e4nkt, g\u00ebtt vun der Manufacture royale De Wit vu Mechelen, d\u00e9i och schonn <a href=\"https:\/\/irmine.lu\/tapisseries-restaurees\/\">zwee aner Wandteppecher<\/a> vun der Kathedral a Stand gesat hat, restaur\u00e9iert. De K\u00e4schtepunkt beleeft sech op 18.356 Euro.<\/p>\n<p>\u00cbnnerst\u00ebtzt och Dir de Projet vun der Valorisatioun vun der Kathedral mat \u00c4rem Don. Merci fir all Geste!<\/p>\n<p>Fir de Projet ze \u00ebnnerst\u00ebtzen, <a href=\"https:\/\/irmine.lu\/donations\/mise-en-valeur-de-la-cathedrale\/\">klickt hei!<\/a><\/p>\n","protected":false},"excerpt":{"rendered":"<p>\u00cbnnerst\u00ebtzt de Projet vun der Valorisatioun vun der Kathedral<\/p>\n","protected":false},"author":8,"featured_media":40645,"comment_status":"closed","ping_status":"open","sticky":false,"template":"","format":"standard","meta":{"footnotes":""},"categories":[103],"tags":[],"jetpack_featured_media_url":"https:\/\/irmine.lu\/wp-content\/uploads\/2026\/03\/2026-FSI-La-revelation-de-Dieu-a-Gedeon-scaled.jpg","_links":{"self":[{"href":"https:\/\/irmine.lu\/lu\/wp-json\/wp\/v2\/posts\/40648"}],"collection":[{"href":"https:\/\/irmine.lu\/lu\/wp-json\/wp\/v2\/posts"}],"about":[{"href":"https:\/\/irmine.lu\/lu\/wp-json\/wp\/v2\/types\/post"}],"author":[{"embeddable":true,"href":"https:\/\/irmine.lu\/lu\/wp-json\/wp\/v2\/users\/8"}],"replies":[{"embeddable":true,"href":"https:\/\/irmine.lu\/lu\/wp-json\/wp\/v2\/comments?post=40648"}],"version-history":[{"count":1,"href":"https:\/\/irmine.lu\/lu\/wp-json\/wp\/v2\/posts\/40648\/revisions"}],"predecessor-version":[{"id":40649,"href":"https:\/\/irmine.lu\/lu\/wp-json\/wp\/v2\/posts\/40648\/revisions\/40649"}],"wp:featuredmedia":[{"embeddable":true,"href":"https:\/\/irmine.lu\/lu\/wp-json\/wp\/v2\/media\/40645"}],"wp:attachment":[{"href":"https:\/\/irmine.lu\/lu\/wp-json\/wp\/v2\/media?parent=40648"}],"wp:term":[{"taxonomy":"category","embeddable":true,"href":"https:\/\/irmine.lu\/lu\/wp-json\/wp\/v2\/categories?post=40648"},{"taxonomy":"post_tag","embeddable":true,"href":"https:\/\/irmine.lu\/lu\/wp-json\/wp\/v2\/tags?post=40648"}],"curies":[{"name":"wp","href":"https:\/\/api.w.org\/{rel}","templated":true}]}}