{"id":40465,"date":"2025-12-08T14:39:33","date_gmt":"2025-12-08T13:39:33","guid":{"rendered":"https:\/\/irmine.lu\/?p=40465"},"modified":"2025-12-08T14:39:33","modified_gmt":"2025-12-08T13:39:33","slug":"teleesmass-zu-miersch","status":"publish","type":"post","link":"https:\/\/irmine.lu\/lu\/teleesmass-zu-miersch\/","title":{"rendered":"T\u00ebleesmass zu Miersch"},"content":{"rendered":"<p>[vc_row][vc_column width=&#8221;2\/3&#8243;][vc_column_text]Un der T\u00ebleesmass vum 7. Dezember, zweeten Adventssonndeg, aus der sch\u00e9iner Kierch vu Miersch hu verschidde Projetsresponsabel vun der Fondatioun Sainte-Irmine a Membere vu Kierchefabricken deel geholl. Zesummen hu mir fir d&#8217;Missioun vun hire Projeten gebiet, Merci gesot fir d&#8217;Aktivit\u00e9iten am Laf vum Joer 2025 an un all lieweg a verstueren Donatricen an Donateure vun der St\u00ebftung geduecht.<\/p>\n<p>D&#8217;Mass gouf gehale vum H\u00e4r Paschtouer F\u00e9lix Steichen a vum H\u00e4r Chanoine Georges Hellinghausen.<\/p>\n<p>D&#8217;Fondatioun seet de Projetsresponsablen an de Membere vun de Kierchefabricken en h\u00e4erzleche Merci fir hir Presenz, dem H\u00e4r Steichen fir den Accueil an der Chorale r\u00e9unie vun der Por Miersch fir d&#8217;musikalesch Gestaltung vun der Feier.<\/p>\n<p>Wann Dir d&#8217;Mass am Replay erliewe w\u00ebllt, da <a href=\"https:\/\/www.cathol.lu\/www\/sonndesmass\">klickt hei.<\/a>[\/vc_column_text][vc_single_image image=&#8221;40459&#8243; img_size=&#8221;full&#8221;][\/vc_column][vc_column width=&#8221;1\/3&#8243;][vc_single_image image=&#8221;40454&#8243; img_size=&#8221;full&#8221;][vc_single_image image=&#8221;40463&#8243; img_size=&#8221;full&#8221;][\/vc_column][\/vc_row]<\/p>\n","protected":false},"excerpt":{"rendered":"<p>Gottesd\u00e9ngscht fir d&#8217;Fondatioun Sainte-Irmine<\/p>\n","protected":false},"author":8,"featured_media":40454,"comment_status":"closed","ping_status":"open","sticky":false,"template":"","format":"standard","meta":{"footnotes":""},"categories":[103],"tags":[],"jetpack_featured_media_url":"https:\/\/irmine.lu\/wp-content\/uploads\/2025\/12\/20251207_Teleesmass-scaled.jpg","_links":{"self":[{"href":"https:\/\/irmine.lu\/lu\/wp-json\/wp\/v2\/posts\/40465"}],"collection":[{"href":"https:\/\/irmine.lu\/lu\/wp-json\/wp\/v2\/posts"}],"about":[{"href":"https:\/\/irmine.lu\/lu\/wp-json\/wp\/v2\/types\/post"}],"author":[{"embeddable":true,"href":"https:\/\/irmine.lu\/lu\/wp-json\/wp\/v2\/users\/8"}],"replies":[{"embeddable":true,"href":"https:\/\/irmine.lu\/lu\/wp-json\/wp\/v2\/comments?post=40465"}],"version-history":[{"count":3,"href":"https:\/\/irmine.lu\/lu\/wp-json\/wp\/v2\/posts\/40465\/revisions"}],"predecessor-version":[{"id":40469,"href":"https:\/\/irmine.lu\/lu\/wp-json\/wp\/v2\/posts\/40465\/revisions\/40469"}],"wp:featuredmedia":[{"embeddable":true,"href":"https:\/\/irmine.lu\/lu\/wp-json\/wp\/v2\/media\/40454"}],"wp:attachment":[{"href":"https:\/\/irmine.lu\/lu\/wp-json\/wp\/v2\/media?parent=40465"}],"wp:term":[{"taxonomy":"category","embeddable":true,"href":"https:\/\/irmine.lu\/lu\/wp-json\/wp\/v2\/categories?post=40465"},{"taxonomy":"post_tag","embeddable":true,"href":"https:\/\/irmine.lu\/lu\/wp-json\/wp\/v2\/tags?post=40465"}],"curies":[{"name":"wp","href":"https:\/\/api.w.org\/{rel}","templated":true}]}}