{"id":40288,"date":"2025-09-22T07:31:24","date_gmt":"2025-09-22T05:31:24","guid":{"rendered":"https:\/\/irmine.lu\/?p=40288"},"modified":"2025-09-22T07:31:24","modified_gmt":"2025-09-22T05:31:24","slug":"dprojete-vum-christ-roi-goufe-verlangert","status":"publish","type":"post","link":"https:\/\/irmine.lu\/lu\/dprojete-vum-christ-roi-goufe-verlangert\/","title":{"rendered":"D\u2019Projete vum Christ-Roi goufe verl\u00e4ngert"},"content":{"rendered":"<p>D\u2019Fondatioun Sainte-Irmine begleet d\u2019Gemeinschaft vum Christ-Roi bei hirem Fundraising, d\u00ebst zanter 2020 fir d\u2019Kapell vum Christ-Roi an zanter 2022 fir d\u2019Maison I\u00f1igo. Am Juli 2025 hunn d\u00e9i Responsabel vun der Fondatioun Sainte-Irmine a vum Christ-Roi zesummen entscheed, d\u2019Projeten \u00ebm dr\u00e4i weider Joren ze verl\u00e4ngeren.<\/p>\n<p>Hei e klengen Iwwerbl\u00e9ck iwwer d\u00e9i lescht dr\u00e4i Joer:<\/p>\n<p>Zanter August 2020 huet d\u2019Fondatioun am ganzen 54.220 Euro gesammelt fir den \u00cbnnerhalt an den Erhalt vun der Kappel vum Christ-Roi. D\u00ebs Zomm gouf invest\u00e9iert fir Aarbechten un der Tounanlag an un der Beliichtung a fir den \u00cbnnerhalt vun der Kapell. Geschat ronn 1.500 Leit hu vun d\u00ebsem Projet profit\u00e9iert. An den n\u00e4chste Jore w\u00ebll de Christ-Roi Solarpannoen um Daach install\u00e9ieren, fir d\u2019K\u00e4schte vum Entretien ze reduz\u00e9ieren.<\/p>\n<p>Zanter Abr\u00ebll 2022 krut d\u2019Fondatioun 92.141 Euro fir d\u2019Maison I\u00f1igo, dovunner sinn \u00ebnnert anerem 72.633 Euro an de Fonctionnement invest\u00e9iert ginn an 2.753 Euro an den Accueil.<\/p>\n<p>W\u00e9inst Aarbechten huet d\u2019Maison I\u00f1igo d\u2019lescht Joer vum 23 op de 54, avenue Gaston Diderich misse pl\u00ebnneren. D\u2019K\u00e4schte pro Joer belafe sech op 60.000 Euro. Ronn 800 Leit profit\u00e9iere vun d\u00ebsem Projet.<\/p>\n<p>D\u2019Fondatioun seet dem Pater Christian Motsch, Superieur vun der Jesuittegemeinschaft hei zu L\u00ebtzebuerg, villmools Merci fir seng Aarbecht Joer am D\u00e9ngscht vum Christ-Roi.<\/p>\n<p>Fir den \u00cbnnerhalt vun der Kapell vum Christ-Roi ze \u00ebnnerst\u00ebtzen, <a href=\"https:\/\/irmine.lu\/donations\/chapelle_christ-roi\/\">klickt hei!<\/a><\/p>\n<p>Fir d\u2019Aktivit\u00e9ite vun der Maison I\u00f1igo matzedroen, <a href=\"https:\/\/irmine.lu\/donations\/maison-inigo\/\">klickt hei!<\/a><\/p>\n","protected":false},"excerpt":{"rendered":"<p>Projete fir dr\u00e4i weider Jore bei FSI<\/p>\n","protected":false},"author":8,"featured_media":32870,"comment_status":"closed","ping_status":"open","sticky":false,"template":"","format":"standard","meta":{"footnotes":""},"categories":[103],"tags":[],"jetpack_featured_media_url":"https:\/\/irmine.lu\/wp-content\/uploads\/2020\/07\/Christ-Roi13.jpg","_links":{"self":[{"href":"https:\/\/irmine.lu\/lu\/wp-json\/wp\/v2\/posts\/40288"}],"collection":[{"href":"https:\/\/irmine.lu\/lu\/wp-json\/wp\/v2\/posts"}],"about":[{"href":"https:\/\/irmine.lu\/lu\/wp-json\/wp\/v2\/types\/post"}],"author":[{"embeddable":true,"href":"https:\/\/irmine.lu\/lu\/wp-json\/wp\/v2\/users\/8"}],"replies":[{"embeddable":true,"href":"https:\/\/irmine.lu\/lu\/wp-json\/wp\/v2\/comments?post=40288"}],"version-history":[{"count":1,"href":"https:\/\/irmine.lu\/lu\/wp-json\/wp\/v2\/posts\/40288\/revisions"}],"predecessor-version":[{"id":40295,"href":"https:\/\/irmine.lu\/lu\/wp-json\/wp\/v2\/posts\/40288\/revisions\/40295"}],"wp:featuredmedia":[{"embeddable":true,"href":"https:\/\/irmine.lu\/lu\/wp-json\/wp\/v2\/media\/32870"}],"wp:attachment":[{"href":"https:\/\/irmine.lu\/lu\/wp-json\/wp\/v2\/media?parent=40288"}],"wp:term":[{"taxonomy":"category","embeddable":true,"href":"https:\/\/irmine.lu\/lu\/wp-json\/wp\/v2\/categories?post=40288"},{"taxonomy":"post_tag","embeddable":true,"href":"https:\/\/irmine.lu\/lu\/wp-json\/wp\/v2\/tags?post=40288"}],"curies":[{"name":"wp","href":"https:\/\/api.w.org\/{rel}","templated":true}]}}