{"id":39165,"date":"2024-07-03T12:36:14","date_gmt":"2024-07-03T10:36:14","guid":{"rendered":"https:\/\/irmine.lu\/?p=39165"},"modified":"2024-09-11T12:37:24","modified_gmt":"2024-09-11T10:37:24","slug":"dfondatioun-sainte-irmine-gestallt-dsonndesmass","status":"publish","type":"post","link":"https:\/\/irmine.lu\/lu\/dfondatioun-sainte-irmine-gestallt-dsonndesmass\/","title":{"rendered":"D\u2019Fondatioun Sainte-Irmine gestallt d\u2019Sonndesmass!"},"content":{"rendered":"<p>[vc_row][vc_column][vc_column_text]D\u2019T\u00ebleesmass g\u00ebtt d\u00ebse Sonndeg, 15. September, fir d\u2019\u00e9ischte K\u00e9ier iwwerhaapt aus der renov\u00e9ierter Kapell vum Glacis iwwerdroen. De Generalvikar Patrick Muller, Rekter vun der Glaciskapell, steet der Feier vir. D\u2019Mass g\u00ebtt gehale fir all lieweg a verstuerwen Donatricen an Donateure vun der Fondatioun Sainte-Irmine, a besonnesch vun de Projeten \u201cT\u00ebleesmass\u201d, \u201cRenov\u00e9ierung vun der Glaciskapell\u201d a \u201cFormatioun vun den zuk\u00fcnftege Priister\u201d. Musikalesch g\u00ebtt d\u2019Mass anim\u00e9iert vu Seminaristen, d\u00e9i zesumme mam Vollek sangen.<\/p>\n<p>Fir matzefeiere fannt Dir d\u2019Liddertexter op engem Lidderblat op <a href=\"https:\/\/irmine.lu\/wp-content\/uploads\/2024\/07\/TVsmass-Lidderblatt.pdf\">d\u00ebse Link<\/a>.<\/p>\n<p>&nbsp;<\/p>\n<p>[\/vc_column_text][\/vc_column][\/vc_row]<\/p>\n","protected":false},"excerpt":{"rendered":"<p>D\u2019T\u00ebleesmass g\u00ebtt d\u00ebse Sonndeg, 15. September aus der renov\u00e9ierter Kapell vum Glacis iwwerdroen.<\/p>\n","protected":false},"author":8,"featured_media":39155,"comment_status":"closed","ping_status":"open","sticky":false,"template":"","format":"standard","meta":{"footnotes":""},"categories":[103],"tags":[],"jetpack_featured_media_url":"https:\/\/irmine.lu\/wp-content\/uploads\/2024\/09\/2024-Glaciskapell1-scaled.jpg","_links":{"self":[{"href":"https:\/\/irmine.lu\/lu\/wp-json\/wp\/v2\/posts\/39165"}],"collection":[{"href":"https:\/\/irmine.lu\/lu\/wp-json\/wp\/v2\/posts"}],"about":[{"href":"https:\/\/irmine.lu\/lu\/wp-json\/wp\/v2\/types\/post"}],"author":[{"embeddable":true,"href":"https:\/\/irmine.lu\/lu\/wp-json\/wp\/v2\/users\/8"}],"replies":[{"embeddable":true,"href":"https:\/\/irmine.lu\/lu\/wp-json\/wp\/v2\/comments?post=39165"}],"version-history":[{"count":2,"href":"https:\/\/irmine.lu\/lu\/wp-json\/wp\/v2\/posts\/39165\/revisions"}],"predecessor-version":[{"id":39168,"href":"https:\/\/irmine.lu\/lu\/wp-json\/wp\/v2\/posts\/39165\/revisions\/39168"}],"wp:featuredmedia":[{"embeddable":true,"href":"https:\/\/irmine.lu\/lu\/wp-json\/wp\/v2\/media\/39155"}],"wp:attachment":[{"href":"https:\/\/irmine.lu\/lu\/wp-json\/wp\/v2\/media?parent=39165"}],"wp:term":[{"taxonomy":"category","embeddable":true,"href":"https:\/\/irmine.lu\/lu\/wp-json\/wp\/v2\/categories?post=39165"},{"taxonomy":"post_tag","embeddable":true,"href":"https:\/\/irmine.lu\/lu\/wp-json\/wp\/v2\/tags?post=39165"}],"curies":[{"name":"wp","href":"https:\/\/api.w.org\/{rel}","templated":true}]}}