{"id":38828,"date":"2024-04-23T10:27:19","date_gmt":"2024-04-23T08:27:19","guid":{"rendered":"https:\/\/irmine.lu\/diakonen-a-priisterweien\/"},"modified":"2024-04-23T10:27:34","modified_gmt":"2024-04-23T08:27:34","slug":"diakonen-a-priisterweien","status":"publish","type":"post","link":"https:\/\/irmine.lu\/lu\/diakonen-a-priisterweien\/","title":{"rendered":"Diakonen- a Priisterweien"},"content":{"rendered":"<p>[vc_row][vc_column width=&#8221;1\/2&#8243;][vc_column_text]<u><b><\/b><\/u><span style=\"font-family: Lato; font-size: 12pt;\">E Samschdeg, de 27. Abr\u00ebll weit de Kardinol Jean-Claude Hollerich den Diego de Lima zum Diakon an de L\u00e9on Weber an de Jakob Zeilinger zu Priister fir eis Di\u00f6zees. Sidd mat derb\u00e4i bei hirer Wei!<br \/>\n<\/span><\/p>\n<p><span style=\"font-family: Lato; font-size: 12pt;\">D\u00ebs Weie schreiwen sech an an de Motto vun der Oktav 2024 &#8220;&#8230;. fir ze d\u00e9ngen&#8221;.<br \/>\n<\/span><\/p>\n<p><span style=\"font-family: Lato; font-size: 12pt;\">Wann Dir d&#8217;Formatioun vun de Seminaristen \u00ebnnerst\u00ebtze w\u00ebllt, <a href=\"https:\/\/irmine.lu\/donations\/soutien-a-la-formation-des-futurs-pretres-au-luxembourg\/\">klickt hei<\/a>!<br \/>\n<\/span><\/p>\n<p><span style=\"font-family: Lato; font-size: 12pt;\">Wann Dir de Fonds d&#8217;avenir vun der Kierch matdroe w\u00ebllt, <a href=\"https:\/\/irmine.lu\/donations\/fonds-davenir\/\">klickt hei<\/a>!<\/span>[\/vc_column_text][\/vc_column][vc_column width=&#8221;1\/2&#8243;][vc_single_image image=&#8221;38823&#8243; img_size=&#8221;full&#8221;][\/vc_column][\/vc_row]<\/p>\n","protected":false},"excerpt":{"rendered":"<p>Save the date: e Samschdeg, 27. Abr\u00ebll, um 9.30 Auer, an der Kathedral<\/p>\n","protected":false},"author":8,"featured_media":38818,"comment_status":"closed","ping_status":"open","sticky":false,"template":"","format":"standard","meta":{"footnotes":""},"categories":[746],"tags":[595,850,851,852,853,854,171,172,405,518,519],"jetpack_featured_media_url":"https:\/\/irmine.lu\/wp-content\/uploads\/2024\/04\/Ordination_Cardinal-1.jpg","_links":{"self":[{"href":"https:\/\/irmine.lu\/lu\/wp-json\/wp\/v2\/posts\/38828"}],"collection":[{"href":"https:\/\/irmine.lu\/lu\/wp-json\/wp\/v2\/posts"}],"about":[{"href":"https:\/\/irmine.lu\/lu\/wp-json\/wp\/v2\/types\/post"}],"author":[{"embeddable":true,"href":"https:\/\/irmine.lu\/lu\/wp-json\/wp\/v2\/users\/8"}],"replies":[{"embeddable":true,"href":"https:\/\/irmine.lu\/lu\/wp-json\/wp\/v2\/comments?post=38828"}],"version-history":[{"count":7,"href":"https:\/\/irmine.lu\/lu\/wp-json\/wp\/v2\/posts\/38828\/revisions"}],"predecessor-version":[{"id":38835,"href":"https:\/\/irmine.lu\/lu\/wp-json\/wp\/v2\/posts\/38828\/revisions\/38835"}],"wp:featuredmedia":[{"embeddable":true,"href":"https:\/\/irmine.lu\/lu\/wp-json\/wp\/v2\/media\/38818"}],"wp:attachment":[{"href":"https:\/\/irmine.lu\/lu\/wp-json\/wp\/v2\/media?parent=38828"}],"wp:term":[{"taxonomy":"category","embeddable":true,"href":"https:\/\/irmine.lu\/lu\/wp-json\/wp\/v2\/categories?post=38828"},{"taxonomy":"post_tag","embeddable":true,"href":"https:\/\/irmine.lu\/lu\/wp-json\/wp\/v2\/tags?post=38828"}],"curies":[{"name":"wp","href":"https:\/\/api.w.org\/{rel}","templated":true}]}}