{"id":38321,"date":"2023-11-30T11:23:21","date_gmt":"2023-11-30T10:23:21","guid":{"rendered":"https:\/\/irmine.lu\/?p=38321"},"modified":"2023-11-30T11:25:11","modified_gmt":"2023-11-30T10:25:11","slug":"fonds-davenir-zesumme-fir-dkierch-vu-muer","status":"publish","type":"post","link":"https:\/\/irmine.lu\/lu\/fonds-davenir-zesumme-fir-dkierch-vu-muer\/","title":{"rendered":"Fonds d&#8217;avenir: Zesumme fir d&#8217;Kierch vu muer"},"content":{"rendered":"<p>[vc_row][vc_column width=&#8221;1\/4&#8243;][vc_single_image image=&#8221;38328&#8243; img_size=&#8221;full&#8221; alignment=&#8221;center&#8221;][\/vc_column][vc_column width=&#8221;3\/4&#8243;][vc_column_text]Vun Ufank 2024 hunn iwwerh\u00eblt d&#8217;Fondatioun Sainte-Irmine via de Fonds d&#8217;avenir \u00e9ischt Paie vu jonke Priister a Laien, d\u00e9i zanter der Trennung vu Kierch a Staat 2016 vum Bistum agestallt goufe fir d&#8217;pastoral Besoine vun der \u00c4erzdi\u00f6zees.<\/p>\n<p>Dat war d&#8217;Gelee\u00ebnheet, en eegene Logo fir de Fonds d&#8217;avenir ze entw\u00e9ckelen. De Logo g\u00ebtt et op L\u00ebtzebuergesch an op Frans\u00e9isch.<\/p>\n<p>D&#8217;Fondatioun brauch och an der Zukunft \u00c4r Donen!<\/p>\n<p>Fir d&#8217;materiell Ofs\u00e9cherung vun den Ugestallte vun der Kierch, Priister a Laien, ze assur\u00e9ieren, <a href=\"https:\/\/irmine.lu\/donations\/fonds-davenir\/\">klickt hei<\/a>![\/vc_column_text][\/vc_column][\/vc_row]<\/p>\n","protected":false},"excerpt":{"rendered":"<p>Entdeckt de Logo vum Zukunftsfong!<\/p>\n","protected":false},"author":8,"featured_media":38334,"comment_status":"closed","ping_status":"open","sticky":false,"template":"","format":"standard","meta":{"footnotes":""},"categories":[103,826],"tags":[155,156,405,723,827,828],"jetpack_featured_media_url":"https:\/\/irmine.lu\/wp-content\/uploads\/2023\/11\/Fonds-Avenir-logo-LU-RVB.jpg","_links":{"self":[{"href":"https:\/\/irmine.lu\/lu\/wp-json\/wp\/v2\/posts\/38321"}],"collection":[{"href":"https:\/\/irmine.lu\/lu\/wp-json\/wp\/v2\/posts"}],"about":[{"href":"https:\/\/irmine.lu\/lu\/wp-json\/wp\/v2\/types\/post"}],"author":[{"embeddable":true,"href":"https:\/\/irmine.lu\/lu\/wp-json\/wp\/v2\/users\/8"}],"replies":[{"embeddable":true,"href":"https:\/\/irmine.lu\/lu\/wp-json\/wp\/v2\/comments?post=38321"}],"version-history":[{"count":8,"href":"https:\/\/irmine.lu\/lu\/wp-json\/wp\/v2\/posts\/38321\/revisions"}],"predecessor-version":[{"id":38333,"href":"https:\/\/irmine.lu\/lu\/wp-json\/wp\/v2\/posts\/38321\/revisions\/38333"}],"wp:featuredmedia":[{"embeddable":true,"href":"https:\/\/irmine.lu\/lu\/wp-json\/wp\/v2\/media\/38334"}],"wp:attachment":[{"href":"https:\/\/irmine.lu\/lu\/wp-json\/wp\/v2\/media?parent=38321"}],"wp:term":[{"taxonomy":"category","embeddable":true,"href":"https:\/\/irmine.lu\/lu\/wp-json\/wp\/v2\/categories?post=38321"},{"taxonomy":"post_tag","embeddable":true,"href":"https:\/\/irmine.lu\/lu\/wp-json\/wp\/v2\/tags?post=38321"}],"curies":[{"name":"wp","href":"https:\/\/api.w.org\/{rel}","templated":true}]}}