{"id":36937,"date":"2023-03-15T12:09:04","date_gmt":"2023-03-15T11:09:04","guid":{"rendered":"https:\/\/irmine.lu\/adoratioun-fir-dberuffungen\/"},"modified":"2023-04-13T10:24:33","modified_gmt":"2023-04-13T08:24:33","slug":"adoratioun-fir-dberuffungen","status":"publish","type":"post","link":"https:\/\/irmine.lu\/lu\/adoratioun-fir-dberuffungen\/","title":{"rendered":"Adoratioun fir d&#8217;Beruffungen"},"content":{"rendered":"<p>Am Kader vun de 24 Stonne fir eiser H\u00e4r, kommt a biet fir de Fridden a fir d&#8217;Beruffungen mat de Seminaristen e Freideg, 17. M\u00e4erz, t\u00ebscht 21 an 22.30 Auer an der H\u00e4erz-Jesu-Kierch (5, rue Dicks, L\u00ebtzebuerg-Gare).<\/p>\n<p>Fir d&#8217;Formatioun vun de k\u00fcnftege Priister ze \u00ebnnerst\u00ebtzen, <a href=\"https:\/\/irmine.lu\/st-irmine-project\/soutien-a-la-formation-des-futurs-pretres-au-luxembourg\/\">klickt hei<\/a>!<\/p>\n<p><a href=\"https:\/\/irmine.lu\/adoration-pour-les-vocations\/affiche-24h-17-mars-2023\/\" rel=\"attachment wp-att-36930\"><img decoding=\"async\" width=\"1123\" height=\"794\" class=\"alignnone size-full wp-image-36933\" src=\"https:\/\/irmine.lu\/wp-content\/uploads\/2023\/03\/Affiche-24h-17-mars-2023.jpg\" alt=\"24h pour le Seigneur\" srcset=\"https:\/\/irmine.lu\/wp-content\/uploads\/2023\/03\/Affiche-24h-17-mars-2023.jpg 1123w, https:\/\/irmine.lu\/wp-content\/uploads\/2023\/03\/Affiche-24h-17-mars-2023-300x212.jpg 300w, https:\/\/irmine.lu\/wp-content\/uploads\/2023\/03\/Affiche-24h-17-mars-2023-1024x724.jpg 1024w, https:\/\/irmine.lu\/wp-content\/uploads\/2023\/03\/Affiche-24h-17-mars-2023-768x543.jpg 768w, https:\/\/irmine.lu\/wp-content\/uploads\/2023\/03\/Affiche-24h-17-mars-2023-958x677.jpg 958w, https:\/\/irmine.lu\/wp-content\/uploads\/2023\/03\/Affiche-24h-17-mars-2023-400x283.jpg 400w\" sizes=\"(max-width: 1123px) 100vw, 1123px\" \/><\/a><\/p>\n","protected":false},"excerpt":{"rendered":"<p>Am Kader vun de 24 Stonne fir eiser H\u00e4r, kommt a biet fir de Fridden a fir d&#8217;Beruffungen mat de Seminaristen e Freideg, 17. M\u00e4erz, t\u00ebscht 21 an 22.30 Auer an der H\u00e4erz-Jesu-Kierch (5, rue Dicks, L\u00ebtzebuerg-Gare). Fir d&#8217;Formatioun vun de k\u00fcnftege Priister ze \u00ebnnerst\u00ebtzen, klickt hei!<\/p>\n","protected":false},"author":8,"featured_media":36933,"comment_status":"closed","ping_status":"open","sticky":false,"template":"","format":"standard","meta":{"footnotes":""},"categories":[103,609],"tags":[171,172,401],"jetpack_featured_media_url":"https:\/\/irmine.lu\/wp-content\/uploads\/2023\/03\/Affiche-24h-17-mars-2023.jpg","_links":{"self":[{"href":"https:\/\/irmine.lu\/lu\/wp-json\/wp\/v2\/posts\/36937"}],"collection":[{"href":"https:\/\/irmine.lu\/lu\/wp-json\/wp\/v2\/posts"}],"about":[{"href":"https:\/\/irmine.lu\/lu\/wp-json\/wp\/v2\/types\/post"}],"author":[{"embeddable":true,"href":"https:\/\/irmine.lu\/lu\/wp-json\/wp\/v2\/users\/8"}],"replies":[{"embeddable":true,"href":"https:\/\/irmine.lu\/lu\/wp-json\/wp\/v2\/comments?post=36937"}],"version-history":[{"count":1,"href":"https:\/\/irmine.lu\/lu\/wp-json\/wp\/v2\/posts\/36937\/revisions"}],"predecessor-version":[{"id":37177,"href":"https:\/\/irmine.lu\/lu\/wp-json\/wp\/v2\/posts\/36937\/revisions\/37177"}],"wp:featuredmedia":[{"embeddable":true,"href":"https:\/\/irmine.lu\/lu\/wp-json\/wp\/v2\/media\/36933"}],"wp:attachment":[{"href":"https:\/\/irmine.lu\/lu\/wp-json\/wp\/v2\/media?parent=36937"}],"wp:term":[{"taxonomy":"category","embeddable":true,"href":"https:\/\/irmine.lu\/lu\/wp-json\/wp\/v2\/categories?post=36937"},{"taxonomy":"post_tag","embeddable":true,"href":"https:\/\/irmine.lu\/lu\/wp-json\/wp\/v2\/tags?post=36937"}],"curies":[{"name":"wp","href":"https:\/\/api.w.org\/{rel}","templated":true}]}}