{"id":36260,"date":"2022-11-16T07:33:10","date_gmt":"2022-11-16T06:33:10","guid":{"rendered":"https:\/\/irmine.lu\/esch-2022-annerunge-vun-de-plazen\/"},"modified":"2022-11-30T11:17:28","modified_gmt":"2022-11-30T10:17:28","slug":"esch-2022-annerunge-vun-de-plazen","status":"publish","type":"post","link":"https:\/\/irmine.lu\/lu\/esch-2022-annerunge-vun-de-plazen\/","title":{"rendered":"Esch 2022 \u2013 \u00c4nnerunge vun de Plazen"},"content":{"rendered":"<p><span style=\"color: #ff0000;\">OPGEPASST: WICHTEG \u00c4nnerungen<\/span><br \/>\nAus technesche Gr\u00ebnn w\u00e4erten d\u00ebs Evenementer am Kader vum \u201cProjet Esch 2022 \u2013 zesummen och wa verschidden\u201d, op anere Plaze stattfannen:<\/p>\n<p><strong>An der Kierch Saint- Joseph<\/strong><br \/>\n<strong>rue de l&#8217;Eglise zu Esch-Uelzecht<\/strong><br \/>\n\u2022 Freideg, 18. November, um 20:00 Auer<br \/>\nRECITAL Tingshuo Yang<br \/>\n\u2022 Samschdeg, 19. November, um 20:00 Auer<br \/>\nMIX Organ &amp; Piano vum Sabine Weyer \/ Jean-Luc Thellin<br \/>\n\u2022 Sonndeg, 20. November, um 20:00 Auer<br \/>\nCONCERT Random Trio<br \/>\n\u2022 Samschdeg, 17. Dezember, um 20:00 Auer<br \/>\nThe Sound of Christmas by Voices International<br \/>\n\u2022 Sonndeg, 18. Dezember, um 18:30 Auer<br \/>\n&#8220;On the way to Christmas&#8221; Ofschlossconcert vum Projet<\/p>\n<p><strong>Am Ariston &#8211; Kulturzentrum<\/strong><br \/>\n<strong>rue Pierre Claude zu Esch-Alzette<\/strong><br \/>\n\u2022 M\u00ebttwoch, 7. Dezember, um 19.30 Auer<br \/>\nRonnd\u00ebschgespr\u00e9ich: Europa am Joer 2022: Katastroph(en), Erausfuerderung(en) oder Hoffnung<br \/>\nMam Kardinol Jean-Claude Hollerich,<br \/>\nJean-Claude Juncker a Gilles Reckinger<\/p>\n<p>Fir d\u00ebse Projet ze fannen an en ze \u00ebnnerst\u00ebtzen, <a href=\"https:\/\/irmine.lu\/st-irmine-project\/ensemble-meme-si-differents-esch-2022\/\">klickt hei<\/a>!<\/p>\n","protected":false},"excerpt":{"rendered":"<p>OPGEPASST: WICHTEG \u00c4nnerungen<br \/>\nAus technesche Gr\u00ebnn w\u00e4erten Evenementer am Kader vum \u201cProjet Esch 2022 \u2013 zesummen och wa verschidden\u201d, op anere Plaze stattfannen<\/p>\n","protected":false},"author":8,"featured_media":33305,"comment_status":"closed","ping_status":"open","sticky":false,"template":"","format":"standard","meta":{"footnotes":""},"categories":[486,103],"tags":[355,448,553,554,354],"jetpack_featured_media_url":"https:\/\/irmine.lu\/wp-content\/uploads\/2019\/05\/esch-2022-v1-003.png","_links":{"self":[{"href":"https:\/\/irmine.lu\/lu\/wp-json\/wp\/v2\/posts\/36260"}],"collection":[{"href":"https:\/\/irmine.lu\/lu\/wp-json\/wp\/v2\/posts"}],"about":[{"href":"https:\/\/irmine.lu\/lu\/wp-json\/wp\/v2\/types\/post"}],"author":[{"embeddable":true,"href":"https:\/\/irmine.lu\/lu\/wp-json\/wp\/v2\/users\/8"}],"replies":[{"embeddable":true,"href":"https:\/\/irmine.lu\/lu\/wp-json\/wp\/v2\/comments?post=36260"}],"version-history":[{"count":1,"href":"https:\/\/irmine.lu\/lu\/wp-json\/wp\/v2\/posts\/36260\/revisions"}],"predecessor-version":[{"id":36423,"href":"https:\/\/irmine.lu\/lu\/wp-json\/wp\/v2\/posts\/36260\/revisions\/36423"}],"wp:featuredmedia":[{"embeddable":true,"href":"https:\/\/irmine.lu\/lu\/wp-json\/wp\/v2\/media\/33305"}],"wp:attachment":[{"href":"https:\/\/irmine.lu\/lu\/wp-json\/wp\/v2\/media?parent=36260"}],"wp:term":[{"taxonomy":"category","embeddable":true,"href":"https:\/\/irmine.lu\/lu\/wp-json\/wp\/v2\/categories?post=36260"},{"taxonomy":"post_tag","embeddable":true,"href":"https:\/\/irmine.lu\/lu\/wp-json\/wp\/v2\/tags?post=36260"}],"curies":[{"name":"wp","href":"https:\/\/api.w.org\/{rel}","templated":true}]}}