{"id":36019,"date":"2022-09-14T14:46:08","date_gmt":"2022-09-14T12:46:08","guid":{"rendered":"https:\/\/irmine.lu\/ekologescht-mettegiessen-an-der-maison-inigo\/"},"modified":"2022-09-14T14:46:15","modified_gmt":"2022-09-14T12:46:15","slug":"ekologescht-mettegiessen-an-der-maison-inigo","status":"publish","type":"post","link":"https:\/\/irmine.lu\/lu\/ekologescht-mettegiessen-an-der-maison-inigo\/","title":{"rendered":"Ekologescht M\u00ebttegiessen an der Maison I\u00f1igo"},"content":{"rendered":"<p>[vc_row][vc_column][vc_column_text]All dr\u00ebtte Sonndeg am Mount ass en ekologescht M\u00ebttegiessen an der Maison I\u00f1igo. Dat n\u00e4chst M\u00ebttegiessen ass d\u00ebse Sonndeg, den 18. September, no der Mass vun 10.30 Auer.<\/p>\n<p>D&#8217;Iessen ass op fir jiddereen a besonnesch fir d\u00e9i Jonk (vu 14 bis 17 Joer), d\u00e9i sech am Sall Saint Ignace afannen (Maison I\u00f1igo).<\/p>\n<p>Fir de Men\u00fc br\u00e9ngen d\u00e9i Erwuessen e vegetareschen, saisonale Plat mat Gem\u00e9is oder Uebst mat, dat am beschte Fall lokal produz\u00e9iert gouf.<\/p>\n<p>&nbsp;<\/p>\n<p><a href=\"https:\/\/irmine.lu\/lu\/st-irmine-project\/maison-inigo\/\">Fir d\u00ebse Projet ze \u00ebnnerst\u00ebtzen, klickt hei!<\/a>[\/vc_column_text][\/vc_column][\/vc_row][vc_row][vc_column][vc_single_image image=&#8221;36012&#8243; img_size=&#8221;large&#8221;][\/vc_column][\/vc_row]<\/p>\n","protected":false},"excerpt":{"rendered":"<p>All dr\u00ebtte Sonndeg am Mount ass en ekologescht M\u00ebttegiessen an der Maison I\u00f1igo. Dat n\u00e4chst M\u00ebttegiessen ass d\u00ebse Sonndeg, den 18. September, no der Mass vun 10.30 Auer.<\/p>\n","protected":false},"author":8,"featured_media":36012,"comment_status":"closed","ping_status":"open","sticky":false,"template":"","format":"standard","meta":{"footnotes":""},"categories":[103,119,507],"tags":[426,427,482,508,509,510,511],"jetpack_featured_media_url":"https:\/\/irmine.lu\/wp-content\/uploads\/2022\/09\/Flyer-dej-eco-18-09.png","_links":{"self":[{"href":"https:\/\/irmine.lu\/lu\/wp-json\/wp\/v2\/posts\/36019"}],"collection":[{"href":"https:\/\/irmine.lu\/lu\/wp-json\/wp\/v2\/posts"}],"about":[{"href":"https:\/\/irmine.lu\/lu\/wp-json\/wp\/v2\/types\/post"}],"author":[{"embeddable":true,"href":"https:\/\/irmine.lu\/lu\/wp-json\/wp\/v2\/users\/8"}],"replies":[{"embeddable":true,"href":"https:\/\/irmine.lu\/lu\/wp-json\/wp\/v2\/comments?post=36019"}],"version-history":[{"count":3,"href":"https:\/\/irmine.lu\/lu\/wp-json\/wp\/v2\/posts\/36019\/revisions"}],"predecessor-version":[{"id":36022,"href":"https:\/\/irmine.lu\/lu\/wp-json\/wp\/v2\/posts\/36019\/revisions\/36022"}],"wp:featuredmedia":[{"embeddable":true,"href":"https:\/\/irmine.lu\/lu\/wp-json\/wp\/v2\/media\/36012"}],"wp:attachment":[{"href":"https:\/\/irmine.lu\/lu\/wp-json\/wp\/v2\/media?parent=36019"}],"wp:term":[{"taxonomy":"category","embeddable":true,"href":"https:\/\/irmine.lu\/lu\/wp-json\/wp\/v2\/categories?post=36019"},{"taxonomy":"post_tag","embeddable":true,"href":"https:\/\/irmine.lu\/lu\/wp-json\/wp\/v2\/tags?post=36019"}],"curies":[{"name":"wp","href":"https:\/\/api.w.org\/{rel}","templated":true}]}}