{"id":35865,"date":"2022-07-28T14:39:07","date_gmt":"2022-07-28T12:39:07","guid":{"rendered":"https:\/\/irmine.lu\/parcours-gastronomique-am-kader-vun-esch-2022\/"},"modified":"2022-11-30T11:24:54","modified_gmt":"2022-11-30T10:24:54","slug":"parcours-gastronomique-am-kader-vun-esch-2022","status":"publish","type":"post","link":"https:\/\/irmine.lu\/lu\/parcours-gastronomique-am-kader-vun-esch-2022\/","title":{"rendered":"Parcours gastronomique am Kader vun Esch 2022"},"content":{"rendered":"<p>Den 2. Juli 2022 huet en Visite guid\u00e9e mat lokale Guiden am Kader vun Esch 2022 (PROJET Zesummen, wann och verschidden) 31 Participanten op 5 reli\u00e9ise Sitten zu Esch-Uelzecht, Bieles, Monnerech a Sch\u00ebffleng gefouert. E musikalesche Programm huet dat d\u2019ganzt versch\u00e9inert.<\/p>\n<p>Op all Etapp war e gastronomesche Moment mat derb\u00e4i. D\u00ebse besonnesche Programm huet et erlaabt, e puer kulturell Momenter \u201czesummen\u201d ze erliewen.<\/p>\n<p>D\u00e9i n\u00e4chst Manifestatioune fannt Dir op <a href=\"http:\/\/www.ensembleesch2022.lu\">www.ensembleesch2022.lu<\/a><\/p>\n<p><a href=\"https:\/\/irmine.lu\/st-irmine-project\/ensemble-meme-si-differents-esch-2022\/\">Fir d\u00ebse Projet ze \u00ebnnerst\u00ebtzen, klickt hei!<\/a><\/p>\n<p><a href=\"https:\/\/irmine.lu\/st-irmine-project\/ensemble-meme-si-differents-esch-2022\/\"><img decoding=\"async\" class=\" wp-image-35861 aligncenter\" src=\"https:\/\/irmine.lu\/wp-content\/uploads\/2022\/07\/20220702Esch-2022.jpg\" alt=\"Esch 2022\" width=\"542\" height=\"407\" srcset=\"https:\/\/irmine.lu\/wp-content\/uploads\/2022\/07\/20220702Esch-2022.jpg 640w, https:\/\/irmine.lu\/wp-content\/uploads\/2022\/07\/20220702Esch-2022-300x225.jpg 300w, https:\/\/irmine.lu\/wp-content\/uploads\/2022\/07\/20220702Esch-2022-400x300.jpg 400w\" sizes=\"(max-width: 542px) 100vw, 542px\" \/><\/a><\/p>\n","protected":false},"excerpt":{"rendered":"<p>Den 2. Juli 2022 huet en Visite guid\u00e9e mat lokale Guiden am Kader vun Esch 2022 (PROJET Zesummen, wann och verschidden) 31 Participanten op 5 reli\u00e9ise Sitten zu Esch-Uelzecht, Bieles, Monnerech a Sch\u00ebffleng gefouert. E musikalesche Programm huet dat d\u2019ganzt versch\u00e9inert.<\/p>\n","protected":false},"author":8,"featured_media":35861,"comment_status":"closed","ping_status":"open","sticky":false,"template":"","format":"standard","meta":{"footnotes":""},"categories":[119,486],"tags":[355,445,446,447,448,450],"jetpack_featured_media_url":"https:\/\/irmine.lu\/wp-content\/uploads\/2022\/07\/20220702Esch-2022.jpg","_links":{"self":[{"href":"https:\/\/irmine.lu\/lu\/wp-json\/wp\/v2\/posts\/35865"}],"collection":[{"href":"https:\/\/irmine.lu\/lu\/wp-json\/wp\/v2\/posts"}],"about":[{"href":"https:\/\/irmine.lu\/lu\/wp-json\/wp\/v2\/types\/post"}],"author":[{"embeddable":true,"href":"https:\/\/irmine.lu\/lu\/wp-json\/wp\/v2\/users\/8"}],"replies":[{"embeddable":true,"href":"https:\/\/irmine.lu\/lu\/wp-json\/wp\/v2\/comments?post=35865"}],"version-history":[{"count":1,"href":"https:\/\/irmine.lu\/lu\/wp-json\/wp\/v2\/posts\/35865\/revisions"}],"predecessor-version":[{"id":35956,"href":"https:\/\/irmine.lu\/lu\/wp-json\/wp\/v2\/posts\/35865\/revisions\/35956"}],"wp:featuredmedia":[{"embeddable":true,"href":"https:\/\/irmine.lu\/lu\/wp-json\/wp\/v2\/media\/35861"}],"wp:attachment":[{"href":"https:\/\/irmine.lu\/lu\/wp-json\/wp\/v2\/media?parent=35865"}],"wp:term":[{"taxonomy":"category","embeddable":true,"href":"https:\/\/irmine.lu\/lu\/wp-json\/wp\/v2\/categories?post=35865"},{"taxonomy":"post_tag","embeddable":true,"href":"https:\/\/irmine.lu\/lu\/wp-json\/wp\/v2\/tags?post=35865"}],"curies":[{"name":"wp","href":"https:\/\/api.w.org\/{rel}","templated":true}]}}