{"id":35256,"date":"2022-06-17T11:53:52","date_gmt":"2022-06-17T09:53:52","guid":{"rendered":"https:\/\/irmine.lu\/tournage-pour-reech-eng-hand\/"},"modified":"2022-09-12T09:30:12","modified_gmt":"2022-09-12T07:30:12","slug":"tournage-pour-reech-eng-hand","status":"publish","type":"post","link":"https:\/\/irmine.lu\/lu\/tournage-pour-reech-eng-hand\/","title":{"rendered":"Tournage fir Reech eng Hand"},"content":{"rendered":"<p><a href=\"https:\/\/irmine.lu\/lu\/st-irmine-project\/reech-eng-hand-de-fluchtlingen\/\"><img decoding=\"async\" class=\"size-medium wp-image-35173 alignright\" src=\"https:\/\/irmine.lu\/wp-content\/uploads\/2022\/06\/20220611_Reech-eng-Hand-300x225.jpg\" alt=\"Tournage Reech eng Hand\" \/><\/a>Den UNHCR (Agence vun de Vereenten Natioune fir d\u2019Fl\u00fcchtlingen) huet e Clip gedr\u00e9it iwwert d\u00e9i zwou\u00a0Familljen,\u00a0d\u00e9i vun der kathoulescher Kierch hei zu L\u00ebtzebuerg opgeholl gi sinn.<\/p>\n<p>Et war eng Freed ze\u00a0gesinn, w\u00e9i d&#8217;Famillje sech zanter dem 19. November 2019 integr\u00e9iert hunn!<\/p>\n<p>&nbsp;<\/p>\n<p><a href=\"https:\/\/irmine.lu\/lu\/st-irmine-project\/reech-eng-hand-de-fluchtlingen\/\"><u>Klickt hei, fir de Projet vu Reech eng Hand ze entdecken an ze \u00ebnnerst\u00ebtzen<\/u>!<\/a><\/p>\n<p><a href=\"https:\/\/irmine.lu\/lu\/st-irmine-project\/reech-eng-hand-de-fluchtlingen\/\"><img decoding=\"async\" width=\"300\" height=\"225\" class=\"size-medium wp-image-35175 alignleft\" src=\"https:\/\/irmine.lu\/wp-content\/uploads\/2022\/06\/20220610_Reech-eng-Hand-300x225.jpg\" alt=\"Tournage Reech eng Hand\" srcset=\"https:\/\/irmine.lu\/wp-content\/uploads\/2022\/06\/20220610_Reech-eng-Hand-300x225.jpg 300w, https:\/\/irmine.lu\/wp-content\/uploads\/2022\/06\/20220610_Reech-eng-Hand-1024x768.jpg 1024w, https:\/\/irmine.lu\/wp-content\/uploads\/2022\/06\/20220610_Reech-eng-Hand-768x576.jpg 768w, https:\/\/irmine.lu\/wp-content\/uploads\/2022\/06\/20220610_Reech-eng-Hand-1536x1152.jpg 1536w, https:\/\/irmine.lu\/wp-content\/uploads\/2022\/06\/20220610_Reech-eng-Hand-2048x1536.jpg 2048w, https:\/\/irmine.lu\/wp-content\/uploads\/2022\/06\/20220610_Reech-eng-Hand-958x719.jpg 958w, https:\/\/irmine.lu\/wp-content\/uploads\/2022\/06\/20220610_Reech-eng-Hand-400x300.jpg 400w\" sizes=\"(max-width: 300px) 100vw, 300px\" \/><\/a><\/p>\n<p>&nbsp;<\/p>\n","protected":false},"excerpt":{"rendered":"<p>D\u2019Ekipp vu Reech eng Hand huet deel geholl um Tournage vum Kuerzfilm iwwer den Accueil vun den zwou Familljen duerch d\u2019kathoulesch Kierch.<\/p>\n","protected":false},"author":8,"featured_media":35175,"comment_status":"closed","ping_status":"open","sticky":false,"template":"","format":"standard","meta":{"footnotes":""},"categories":[119,487],"tags":[233,234,235,239,240,248,249,250,251],"jetpack_featured_media_url":"https:\/\/irmine.lu\/wp-content\/uploads\/2022\/06\/20220610_Reech-eng-Hand-scaled.jpg","_links":{"self":[{"href":"https:\/\/irmine.lu\/lu\/wp-json\/wp\/v2\/posts\/35256"}],"collection":[{"href":"https:\/\/irmine.lu\/lu\/wp-json\/wp\/v2\/posts"}],"about":[{"href":"https:\/\/irmine.lu\/lu\/wp-json\/wp\/v2\/types\/post"}],"author":[{"embeddable":true,"href":"https:\/\/irmine.lu\/lu\/wp-json\/wp\/v2\/users\/8"}],"replies":[{"embeddable":true,"href":"https:\/\/irmine.lu\/lu\/wp-json\/wp\/v2\/comments?post=35256"}],"version-history":[{"count":4,"href":"https:\/\/irmine.lu\/lu\/wp-json\/wp\/v2\/posts\/35256\/revisions"}],"predecessor-version":[{"id":35958,"href":"https:\/\/irmine.lu\/lu\/wp-json\/wp\/v2\/posts\/35256\/revisions\/35958"}],"wp:featuredmedia":[{"embeddable":true,"href":"https:\/\/irmine.lu\/lu\/wp-json\/wp\/v2\/media\/35175"}],"wp:attachment":[{"href":"https:\/\/irmine.lu\/lu\/wp-json\/wp\/v2\/media?parent=35256"}],"wp:term":[{"taxonomy":"category","embeddable":true,"href":"https:\/\/irmine.lu\/lu\/wp-json\/wp\/v2\/categories?post=35256"},{"taxonomy":"post_tag","embeddable":true,"href":"https:\/\/irmine.lu\/lu\/wp-json\/wp\/v2\/tags?post=35256"}],"curies":[{"name":"wp","href":"https:\/\/api.w.org\/{rel}","templated":true}]}}